{"id":4859,"date":"2025-09-30T10:56:57","date_gmt":"2025-09-30T08:56:57","guid":{"rendered":"https:\/\/www.centigon.com\/?p=4859"},"modified":"2025-09-30T10:56:57","modified_gmt":"2025-09-30T08:56:57","slug":"renault-rafale-presidential-state-car-armored-by-centigon-on-display-at-the-elysee-palace-for-european-heritage-days-2025","status":"publish","type":"post","link":"https:\/\/www.centigon.com\/en\/renault-rafale-presidential-state-car-armored-by-centigon-on-display-at-the-elysee-palace-for-european-heritage-days-2025\/","title":{"rendered":"RENAULT RAFALE PRESIDENTIAL STATE CAR ARMORED BY CENTIGON ON DISPLAY AT THE \u00c9LYS\u00c9E PALACE FOR EUROPEAN HERITAGE DAYS 2025"},"content":{"rendered":"\t\t<div data-elementor-type=\"wp-post\" data-elementor-id=\"4859\" class=\"elementor elementor-4859\" data-elementor-post-type=\"post\">\n\t\t\t\t\t\t<section class=\"elementor-section elementor-top-section elementor-element elementor-element-8626145 block_txt_img elementor-section-boxed elementor-section-height-default elementor-section-height-default\" data-id=\"8626145\" data-element_type=\"section\">\n\t\t\t\t\t\t<div class=\"elementor-container elementor-column-gap-default\">\n\t\t\t\t\t<div class=\"elementor-column elementor-col-100 elementor-top-column elementor-element elementor-element-17c5331e\" data-id=\"17c5331e\" data-element_type=\"column\">\n\t\t\t<div class=\"elementor-widget-wrap elementor-element-populated\">\n\t\t\t\t\t\t<section class=\"elementor-section elementor-inner-section elementor-element elementor-element-63f00ec4 elementor-section-boxed elementor-section-height-default elementor-section-height-default\" data-id=\"63f00ec4\" data-element_type=\"section\">\n\t\t\t\t\t\t<div class=\"elementor-container elementor-column-gap-default\">\n\t\t\t\t\t<div class=\"elementor-column elementor-col-100 elementor-inner-column elementor-element elementor-element-6ce906d5 block_txt\" data-id=\"6ce906d5\" data-element_type=\"column\">\n\t\t\t<div class=\"elementor-widget-wrap elementor-element-populated\">\n\t\t\t\t\t\t<div class=\"elementor-element elementor-element-42aaa328 h3 elementor-widget elementor-widget-heading\" data-id=\"42aaa328\" data-element_type=\"widget\" data-widget_type=\"heading.default\">\n\t\t\t\t<div class=\"elementor-widget-container\">\n\t\t\t\t\t<h2 class=\"elementor-heading-title elementor-size-default\">Renault Rafale Pr\u00e9sidentiel State Car, an exclusive secure model designed for the Presidency of the Republic, was exhibited at the \u00c9lys\u00e9e Palace on September 20 and 21, 2025, as part of European Heritage Days. <\/h2>\t\t\t\t<\/div>\n\t\t\t\t<\/div>\n\t\t\t\t<div class=\"elementor-element elementor-element-604c1770 elementor-widget elementor-widget-text-editor\" data-id=\"604c1770\" data-element_type=\"widget\" data-widget_type=\"text-editor.default\">\n\t\t\t\t<div class=\"elementor-widget-container\">\n\t\t\t\t\t\t\t\t\t<p>The \u00c9lys\u00e9e Palace opened its doors for the occasion, offering the public the opportunity to admire its historical heritage&#8230; and now its automotive heritage. The \u00c9lys\u00e9e highlighted the continuity of a French heritage, where craftsmanship and cutting-edge technology combine to serve the Republic. Based on the Rafale Hyper Hybrid E-Tech 4&#215;4 300 hp, it combines performance and cutting-edge innovation with a layout designed for the presidential function.<\/p>\t\t\t\t\t\t\t\t<\/div>\n\t\t\t\t<\/div>\n\t\t\t\t\t<\/div>\n\t\t<\/div>\n\t\t\t\t\t<\/div>\n\t\t<\/section>\n\t\t\t\t<section class=\"elementor-section elementor-inner-section elementor-element elementor-element-333959ac elementor-section-boxed elementor-section-height-default elementor-section-height-default\" data-id=\"333959ac\" data-element_type=\"section\">\n\t\t\t\t\t\t<div class=\"elementor-container elementor-column-gap-default\">\n\t\t\t\t\t<div class=\"elementor-column elementor-col-100 elementor-inner-column elementor-element elementor-element-3fc6bffd\" data-id=\"3fc6bffd\" data-element_type=\"column\">\n\t\t\t<div class=\"elementor-widget-wrap elementor-element-populated\">\n\t\t\t\t\t\t<div class=\"elementor-element elementor-element-369fc44d elementor-widget elementor-widget-image\" data-id=\"369fc44d\" data-element_type=\"widget\" data-widget_type=\"image.default\">\n\t\t\t\t<div class=\"elementor-widget-container\">\n\t\t\t\t\t\t\t\t\t\t\t\t\t\t\t<img fetchpriority=\"high\" decoding=\"async\" width=\"1920\" height=\"1280\" src=\"https:\/\/www.centigon.com\/public\/uploads\/2025\/09\/RAFALE-ELYSEE-009V3.jpg\" class=\"attachment-full size-full wp-image-4814\" alt=\"Rafale Elys\u00e9e lors des Journ\u00e9es du Patrimoine\" srcset=\"https:\/\/www.centigon.com\/public\/uploads\/2025\/09\/RAFALE-ELYSEE-009V3.jpg 1920w, https:\/\/www.centigon.com\/public\/uploads\/2025\/09\/RAFALE-ELYSEE-009V3-300x200.jpg 300w, https:\/\/www.centigon.com\/public\/uploads\/2025\/09\/RAFALE-ELYSEE-009V3-1024x683.jpg 1024w, https:\/\/www.centigon.com\/public\/uploads\/2025\/09\/RAFALE-ELYSEE-009V3-768x512.jpg 768w, https:\/\/www.centigon.com\/public\/uploads\/2025\/09\/RAFALE-ELYSEE-009V3-1536x1024.jpg 1536w\" sizes=\"(max-width: 1920px) 100vw, 1920px\" \/>\t\t\t\t\t\t\t\t\t\t\t\t\t\t\t<\/div>\n\t\t\t\t<\/div>\n\t\t\t\t\t<\/div>\n\t\t<\/div>\n\t\t\t\t\t<\/div>\n\t\t<\/section>\n\t\t\t\t\t<\/div>\n\t\t<\/div>\n\t\t\t\t\t<\/div>\n\t\t<\/section>\n\t\t\t\t<\/div>\n\t\t","protected":false},"excerpt":{"rendered":"<p>Renault Rafale Pr\u00e9sidentiel State Car, an exclusive secure model designed for the Presidency of the Republic, was exhibited at the \u00c9lys\u00e9e Palace on September 20 and 21, 2025, as part of European Heritage Days. The \u00c9lys\u00e9e Palace opened its doors for the occasion, offering the public the opportunity to admire its historical heritage&#8230; and now [&hellip;]<\/p>\n","protected":false},"author":5,"featured_media":4419,"comment_status":"closed","ping_status":"closed","sticky":false,"template":"","format":"standard","meta":{"footnotes":""},"categories":[1],"tags":[],"class_list":["post-4859","post","type-post","status-publish","format-standard","has-post-thumbnail","hentry","category-non-classifiee"],"_links":{"self":[{"href":"https:\/\/www.centigon.com\/en\/wp-json\/wp\/v2\/posts\/4859","targetHints":{"allow":["GET"]}}],"collection":[{"href":"https:\/\/www.centigon.com\/en\/wp-json\/wp\/v2\/posts"}],"about":[{"href":"https:\/\/www.centigon.com\/en\/wp-json\/wp\/v2\/types\/post"}],"author":[{"embeddable":true,"href":"https:\/\/www.centigon.com\/en\/wp-json\/wp\/v2\/users\/5"}],"replies":[{"embeddable":true,"href":"https:\/\/www.centigon.com\/en\/wp-json\/wp\/v2\/comments?post=4859"}],"version-history":[{"count":7,"href":"https:\/\/www.centigon.com\/en\/wp-json\/wp\/v2\/posts\/4859\/revisions"}],"predecessor-version":[{"id":4911,"href":"https:\/\/www.centigon.com\/en\/wp-json\/wp\/v2\/posts\/4859\/revisions\/4911"}],"wp:featuredmedia":[{"embeddable":true,"href":"https:\/\/www.centigon.com\/en\/wp-json\/wp\/v2\/media\/4419"}],"wp:attachment":[{"href":"https:\/\/www.centigon.com\/en\/wp-json\/wp\/v2\/media?parent=4859"}],"wp:term":[{"taxonomy":"category","embeddable":true,"href":"https:\/\/www.centigon.com\/en\/wp-json\/wp\/v2\/categories?post=4859"},{"taxonomy":"post_tag","embeddable":true,"href":"https:\/\/www.centigon.com\/en\/wp-json\/wp\/v2\/tags?post=4859"}],"curies":[{"name":"wp","href":"https:\/\/api.w.org\/{rel}","templated":true}]}}